{"id":4730,"date":"2023-05-19T12:08:55","date_gmt":"2023-05-19T12:08:55","guid":{"rendered":"https:\/\/thinkin3d.cat\/?p=4730"},"modified":"2026-02-05T11:13:16","modified_gmt":"2026-02-05T11:13:16","slug":"jornada-tecnologias-de-fabricacion-avanzada-en-educacion","status":"publish","type":"post","link":"https:\/\/thinkin3d.cat\/es\/jornada-tecnologias-de-fabricacion-avanzada-en-educacion\/","title":{"rendered":"Jornada: Tecnolog\u00edas de fabricaci\u00f3n avanzada en educaci\u00f3n"},"content":{"rendered":"\n<h2 class=\"wp-block-heading\">Qu\u00e9 son las tecnolog\u00edas de fabricaci\u00f3n avanzada en educaci\u00f3n<\/h2>\n\n\n\n<p>Las tecnolog\u00edas de fabricaci\u00f3n avanzada en educaci\u00f3n se han convertido, en primer lugar, en un elemento clave para preparar al alumnado para los retos del mercado laboral actual y futuro. Cada vez m\u00e1s centros de formaci\u00f3n profesional, universidades y centros de investigaci\u00f3n integran el dise\u00f1o, la impresi\u00f3n y la digitalizaci\u00f3n 3D en sus planes de estudio. De esta forma, la educaci\u00f3n tecnol\u00f3gica se alinea con las necesidades reales de la industria.<\/p>\n\n\n\n<h2 class=\"wp-block-heading\">Fabricaci\u00f3n avanzada en el aula: una apuesta de futuro<\/h2>\n\n\n\n<p>Si el reto pasa por formar a las pr\u00f3ximas generaciones, trabajar con tecnolog\u00edas 3D en el aula es, sin duda, una apuesta segura. Por un lado, permite desarrollar competencias t\u00e9cnicas muy demandadas. Por otro lado, fomenta el pensamiento cr\u00edtico, la creatividad y la resoluci\u00f3n de problemas reales. Adem\u00e1s, estas tecnolog\u00edas conectan directamente con los puestos de trabajo que ya existen y con los que est\u00e1n por venir.<\/p>\n\n\n\n<p>En este contexto, disponer de equipamiento adecuado es, por tanto, fundamental. Por este motivo, puedes conocer las tecnolog\u00edas disponibles en nuestro espacio en la <a href=\"https:\/\/thinkin3d.cat\/es\/equipamiento-profesional-de-impresion-3d\/\" type=\"page\" id=\"11872\">p\u00e1gina de equipamientos<\/a>.<\/p>\n\n\n\n<h2 class=\"wp-block-heading\">Una jornada para conocer experiencias reales<\/h2>\n\n\n\n<p>Si quieres descubrir el potencial de las impresoras 3D en la educaci\u00f3n, tienes la oportunidad de asistir a la jornada que Sicnova organiza el 30 de mayo en ThinkIn 3D Matar\u00f3. Durante el evento, dos centros educativos explicar\u00e1n c\u00f3mo han integrado la impresi\u00f3n 3D en su d\u00eda a d\u00eda y c\u00f3mo esta tecnolog\u00eda ha impactado en su metodolog\u00eda docente.<\/p>\n\n\n\n<p>Relacionado con soluciones tecnol\u00f3gicas para la educaci\u00f3n, puedes ampliar informaci\u00f3n sobre <a href=\"https:\/\/www.sicnova3d.com\">Sicnova<\/a>.<\/p>\n\n\n\n<h2 class=\"wp-block-heading\">Educaci\u00f3n, tecnolog\u00eda y empleabilidad<\/h2>\n\n\n\n<p>Esta jornada pone el foco en la necesidad de alinear la formaci\u00f3n con las demandas del tejido industrial. Por tanto, la impresi\u00f3n 3D y la fabricaci\u00f3n avanzada se convierten en herramientas clave para mejorar la empleabilidad del alumnado. Asimismo, permiten a los centros educativos actualizar contenidos y metodolog\u00edas de forma pr\u00e1ctica.<\/p>\n\n\n\n<p>Si tu centro quiere explorar c\u00f3mo incorporar estas tecnolog\u00edas, puedes consultar nuestros servicios de acompa\u00f1amiento (Servicios) o contactar directamente con nosotros en <a href=\"https:\/\/thinkin3d.cat\/es\/contacto\/\" type=\"page\" id=\"1559\">https:\/\/thinkin3d.cat\/es\/contacto<\/a>.<\/p>\n\n\n\n<h2 class=\"wp-block-heading\">Datos de la jornada<\/h2>\n\n\n\n<p>Si quieres descubrir el potencial de las tecnolog\u00edas de fabricaci\u00f3n avanzada en la educaci\u00f3n, tienes la oportunidad de asistir a la jornada que Sicnova organiza el 30 de mayo en ThinkIn 3D Matar\u00f3. Dos centros educativos explicar\u00e1n c\u00f3mo han integrado la impresi\u00f3n 3D en su d\u00eda a d\u00eda en este evento de Sicnova que acogemos en el ThinkIn 3D Matar\u00f3.<\/p>\n\n\n\n<p>D\u00eda: 30 mayo 2023<\/p>\n\n\n\n<p>Hora: 10:00h &#8211; 13:00h<\/p>\n\n\n\n<p>Ubicaci\u00f3n: formato presencial. Es necesaria inscripci\u00f3n previa a trav\u00e9s de este <a href=\"https:\/\/sicnova3d.com\/tecnologias-3d-sector-educativo-sicnova-mataro\/\" target=\"_blank\" rel=\"noreferrer noopener\">enlace.<\/a><\/p>\n","protected":false},"excerpt":{"rendered":"<p>Jornada sobre tecnolog\u00edas de fabricaci\u00f3n avanzada en educaci\u00f3n<\/p>\n","protected":false},"author":4,"featured_media":4727,"comment_status":"closed","ping_status":"open","sticky":false,"template":"","format":"standard","meta":{"_acf_changed":false,"_eb_attr":"","footnotes":""},"categories":[18],"tags":[],"class_list":["post-4730","post","type-post","status-publish","format-standard","has-post-thumbnail","hentry","category-agenda"],"acf":[],"yoast_head":"<!-- This site is optimized with the Yoast SEO plugin v27.5 - https:\/\/yoast.com\/product\/yoast-seo-wordpress\/ -->\n<title>Tecnolog\u00edas de fabricaci\u00f3n avanzada en educaci\u00f3n - Jornada 3D | Thinkin3D<\/title>\n<meta name=\"description\" content=\"Jornada sobre tecnolog\u00edas de fabricaci\u00f3n avanzada en educaci\u00f3n e impresi\u00f3n 3D aplicada a FP, Universidades y centros de investigaci\u00f3n.\" \/>\n<meta name=\"robots\" content=\"index, follow, max-snippet:-1, max-image-preview:large, max-video-preview:-1\" \/>\n<link rel=\"canonical\" href=\"https:\/\/thinkin3d.cat\/es\/jornada-tecnologias-de-fabricacion-avanzada-en-educacion\/\" \/>\n<meta property=\"og:locale\" content=\"es_ES\" \/>\n<meta property=\"og:type\" content=\"article\" \/>\n<meta property=\"og:title\" content=\"Tecnolog\u00edas de fabricaci\u00f3n avanzada en educaci\u00f3n - Jornada 3D | Thinkin3D\" \/>\n<meta property=\"og:description\" content=\"Jornada sobre tecnolog\u00edas de fabricaci\u00f3n avanzada en educaci\u00f3n e impresi\u00f3n 3D aplicada a FP, Universidades y centros de investigaci\u00f3n.\" \/>\n<meta property=\"og:url\" content=\"https:\/\/thinkin3d.cat\/es\/jornada-tecnologias-de-fabricacion-avanzada-en-educacion\/\" \/>\n<meta property=\"og:site_name\" content=\"Thinkin3D\" \/>\n<meta property=\"article:published_time\" content=\"2023-05-19T12:08:55+00:00\" \/>\n<meta property=\"article:modified_time\" content=\"2026-02-05T11:13:16+00:00\" \/>\n<meta property=\"og:image\" content=\"https:\/\/thinkin3d.cat\/wp-content\/uploads\/2023\/05\/Webinar-Sicniva2.jpg\" \/>\n\t<meta property=\"og:image:width\" content=\"700\" \/>\n\t<meta property=\"og:image:height\" content=\"360\" \/>\n\t<meta property=\"og:image:type\" content=\"image\/jpeg\" \/>\n<meta name=\"author\" content=\"Chincheta\" \/>\n<meta name=\"twitter:card\" content=\"summary_large_image\" \/>\n<meta name=\"twitter:label1\" content=\"Escrito por\" \/>\n\t<meta name=\"twitter:data1\" content=\"Chincheta\" \/>\n\t<meta name=\"twitter:label2\" content=\"Tiempo de lectura\" \/>\n\t<meta name=\"twitter:data2\" content=\"3 minutos\" \/>\n<script type=\"application\/ld+json\" class=\"yoast-schema-graph\">{\"@context\":\"https:\\\/\\\/schema.org\",\"@graph\":[{\"@type\":\"Article\",\"@id\":\"https:\\\/\\\/thinkin3d.cat\\\/es\\\/jornada-tecnologias-de-fabricacion-avanzada-en-educacion\\\/#article\",\"isPartOf\":{\"@id\":\"https:\\\/\\\/thinkin3d.cat\\\/es\\\/jornada-tecnologias-de-fabricacion-avanzada-en-educacion\\\/\"},\"author\":{\"name\":\"Chincheta\",\"@id\":\"https:\\\/\\\/thinkin3d.cat\\\/es\\\/#\\\/schema\\\/person\\\/13d923e9546ae81d0e15f40a6e554376\"},\"headline\":\"Jornada: Tecnolog\u00edas de fabricaci\u00f3n avanzada en educaci\u00f3n\",\"datePublished\":\"2023-05-19T12:08:55+00:00\",\"dateModified\":\"2026-02-05T11:13:16+00:00\",\"mainEntityOfPage\":{\"@id\":\"https:\\\/\\\/thinkin3d.cat\\\/es\\\/jornada-tecnologias-de-fabricacion-avanzada-en-educacion\\\/\"},\"wordCount\":492,\"publisher\":{\"@id\":\"https:\\\/\\\/thinkin3d.cat\\\/es\\\/#organization\"},\"image\":{\"@id\":\"https:\\\/\\\/thinkin3d.cat\\\/es\\\/jornada-tecnologias-de-fabricacion-avanzada-en-educacion\\\/#primaryimage\"},\"thumbnailUrl\":\"https:\\\/\\\/thinkin3d.cat\\\/wp-content\\\/uploads\\\/2023\\\/05\\\/Webinar-Sicniva2.jpg\",\"articleSection\":[\"Agenda\"],\"inLanguage\":\"es\"},{\"@type\":\"WebPage\",\"@id\":\"https:\\\/\\\/thinkin3d.cat\\\/es\\\/jornada-tecnologias-de-fabricacion-avanzada-en-educacion\\\/\",\"url\":\"https:\\\/\\\/thinkin3d.cat\\\/es\\\/jornada-tecnologias-de-fabricacion-avanzada-en-educacion\\\/\",\"name\":\"Tecnolog\u00edas de fabricaci\u00f3n avanzada en educaci\u00f3n - Jornada 3D | Thinkin3D\",\"isPartOf\":{\"@id\":\"https:\\\/\\\/thinkin3d.cat\\\/es\\\/#website\"},\"primaryImageOfPage\":{\"@id\":\"https:\\\/\\\/thinkin3d.cat\\\/es\\\/jornada-tecnologias-de-fabricacion-avanzada-en-educacion\\\/#primaryimage\"},\"image\":{\"@id\":\"https:\\\/\\\/thinkin3d.cat\\\/es\\\/jornada-tecnologias-de-fabricacion-avanzada-en-educacion\\\/#primaryimage\"},\"thumbnailUrl\":\"https:\\\/\\\/thinkin3d.cat\\\/wp-content\\\/uploads\\\/2023\\\/05\\\/Webinar-Sicniva2.jpg\",\"datePublished\":\"2023-05-19T12:08:55+00:00\",\"dateModified\":\"2026-02-05T11:13:16+00:00\",\"description\":\"Jornada sobre tecnolog\u00edas de fabricaci\u00f3n avanzada en educaci\u00f3n e impresi\u00f3n 3D aplicada a FP, Universidades y centros de investigaci\u00f3n.\",\"breadcrumb\":{\"@id\":\"https:\\\/\\\/thinkin3d.cat\\\/es\\\/jornada-tecnologias-de-fabricacion-avanzada-en-educacion\\\/#breadcrumb\"},\"inLanguage\":\"es\",\"potentialAction\":[{\"@type\":\"ReadAction\",\"target\":[\"https:\\\/\\\/thinkin3d.cat\\\/es\\\/jornada-tecnologias-de-fabricacion-avanzada-en-educacion\\\/\"]}]},{\"@type\":\"ImageObject\",\"inLanguage\":\"es\",\"@id\":\"https:\\\/\\\/thinkin3d.cat\\\/es\\\/jornada-tecnologias-de-fabricacion-avanzada-en-educacion\\\/#primaryimage\",\"url\":\"https:\\\/\\\/thinkin3d.cat\\\/wp-content\\\/uploads\\\/2023\\\/05\\\/Webinar-Sicniva2.jpg\",\"contentUrl\":\"https:\\\/\\\/thinkin3d.cat\\\/wp-content\\\/uploads\\\/2023\\\/05\\\/Webinar-Sicniva2.jpg\",\"width\":700,\"height\":360,\"caption\":\"Jornada la impressi\u00f3 3D en l'educaci\u00f3\"},{\"@type\":\"BreadcrumbList\",\"@id\":\"https:\\\/\\\/thinkin3d.cat\\\/es\\\/jornada-tecnologias-de-fabricacion-avanzada-en-educacion\\\/#breadcrumb\",\"itemListElement\":[{\"@type\":\"ListItem\",\"position\":1,\"name\":\"Home\",\"item\":\"https:\\\/\\\/thinkin3d.cat\\\/es\\\/\"},{\"@type\":\"ListItem\",\"position\":2,\"name\":\"Jornada: Tecnolog\u00edas de fabricaci\u00f3n avanzada en educaci\u00f3n\"}]},{\"@type\":\"WebSite\",\"@id\":\"https:\\\/\\\/thinkin3d.cat\\\/es\\\/#website\",\"url\":\"https:\\\/\\\/thinkin3d.cat\\\/es\\\/\",\"name\":\"ThinkIn3D\",\"description\":\"Benvinguts\\\/des al web de ThinkIn 3D, l&#039;acceleradora de fabricaci\u00f3 additiva del TecnoCampus, un projecte impulsat per l&#039;Ajuntament de Matar\u00f3 amb col\u00b7laboraci\u00f3 de la Uni\u00f3 Europea i la Fundaci\u00f3 INCYDE, membre de IAT.\",\"publisher\":{\"@id\":\"https:\\\/\\\/thinkin3d.cat\\\/es\\\/#organization\"},\"potentialAction\":[{\"@type\":\"SearchAction\",\"target\":{\"@type\":\"EntryPoint\",\"urlTemplate\":\"https:\\\/\\\/thinkin3d.cat\\\/es\\\/?s={search_term_string}\"},\"query-input\":{\"@type\":\"PropertyValueSpecification\",\"valueRequired\":true,\"valueName\":\"search_term_string\"}}],\"inLanguage\":\"es\"},{\"@type\":\"Organization\",\"@id\":\"https:\\\/\\\/thinkin3d.cat\\\/es\\\/#organization\",\"name\":\"ThinkIn3D\",\"url\":\"https:\\\/\\\/thinkin3d.cat\\\/es\\\/\",\"logo\":{\"@type\":\"ImageObject\",\"inLanguage\":\"es\",\"@id\":\"https:\\\/\\\/thinkin3d.cat\\\/es\\\/#\\\/schema\\\/logo\\\/image\\\/\",\"url\":\"https:\\\/\\\/thinkin3d.cat\\\/wp-content\\\/uploads\\\/2023\\\/03\\\/cropped-Favicon-Thinkin.png\",\"contentUrl\":\"https:\\\/\\\/thinkin3d.cat\\\/wp-content\\\/uploads\\\/2023\\\/03\\\/cropped-Favicon-Thinkin.png\",\"width\":512,\"height\":512,\"caption\":\"ThinkIn3D\"},\"image\":{\"@id\":\"https:\\\/\\\/thinkin3d.cat\\\/es\\\/#\\\/schema\\\/logo\\\/image\\\/\"}},{\"@type\":\"Person\",\"@id\":\"https:\\\/\\\/thinkin3d.cat\\\/es\\\/#\\\/schema\\\/person\\\/13d923e9546ae81d0e15f40a6e554376\",\"name\":\"Chincheta\",\"image\":{\"@type\":\"ImageObject\",\"inLanguage\":\"es\",\"@id\":\"https:\\\/\\\/secure.gravatar.com\\\/avatar\\\/40db380f6734d6bf90f05872de88ef66d593d46049369d9ecef90b4e5b88cec4?s=96&d=mm&r=g\",\"url\":\"https:\\\/\\\/secure.gravatar.com\\\/avatar\\\/40db380f6734d6bf90f05872de88ef66d593d46049369d9ecef90b4e5b88cec4?s=96&d=mm&r=g\",\"contentUrl\":\"https:\\\/\\\/secure.gravatar.com\\\/avatar\\\/40db380f6734d6bf90f05872de88ef66d593d46049369d9ecef90b4e5b88cec4?s=96&d=mm&r=g\",\"caption\":\"Chincheta\"},\"url\":\"https:\\\/\\\/thinkin3d.cat\\\/es\\\/author\\\/chincheta\\\/\"}]}<\/script>\n<!-- \/ Yoast SEO plugin. -->","yoast_head_json":{"title":"Tecnolog\u00edas de fabricaci\u00f3n avanzada en educaci\u00f3n - Jornada 3D | Thinkin3D","description":"Jornada sobre tecnolog\u00edas de fabricaci\u00f3n avanzada en educaci\u00f3n e impresi\u00f3n 3D aplicada a FP, Universidades y centros de investigaci\u00f3n.","robots":{"index":"index","follow":"follow","max-snippet":"max-snippet:-1","max-image-preview":"max-image-preview:large","max-video-preview":"max-video-preview:-1"},"canonical":"https:\/\/thinkin3d.cat\/es\/jornada-tecnologias-de-fabricacion-avanzada-en-educacion\/","og_locale":"es_ES","og_type":"article","og_title":"Tecnolog\u00edas de fabricaci\u00f3n avanzada en educaci\u00f3n - Jornada 3D | Thinkin3D","og_description":"Jornada sobre tecnolog\u00edas de fabricaci\u00f3n avanzada en educaci\u00f3n e impresi\u00f3n 3D aplicada a FP, Universidades y centros de investigaci\u00f3n.","og_url":"https:\/\/thinkin3d.cat\/es\/jornada-tecnologias-de-fabricacion-avanzada-en-educacion\/","og_site_name":"Thinkin3D","article_published_time":"2023-05-19T12:08:55+00:00","article_modified_time":"2026-02-05T11:13:16+00:00","og_image":[{"width":700,"height":360,"url":"https:\/\/thinkin3d.cat\/wp-content\/uploads\/2023\/05\/Webinar-Sicniva2.jpg","type":"image\/jpeg"}],"author":"Chincheta","twitter_card":"summary_large_image","twitter_misc":{"Escrito por":"Chincheta","Tiempo de lectura":"3 minutos"},"schema":{"@context":"https:\/\/schema.org","@graph":[{"@type":"Article","@id":"https:\/\/thinkin3d.cat\/es\/jornada-tecnologias-de-fabricacion-avanzada-en-educacion\/#article","isPartOf":{"@id":"https:\/\/thinkin3d.cat\/es\/jornada-tecnologias-de-fabricacion-avanzada-en-educacion\/"},"author":{"name":"Chincheta","@id":"https:\/\/thinkin3d.cat\/es\/#\/schema\/person\/13d923e9546ae81d0e15f40a6e554376"},"headline":"Jornada: Tecnolog\u00edas de fabricaci\u00f3n avanzada en educaci\u00f3n","datePublished":"2023-05-19T12:08:55+00:00","dateModified":"2026-02-05T11:13:16+00:00","mainEntityOfPage":{"@id":"https:\/\/thinkin3d.cat\/es\/jornada-tecnologias-de-fabricacion-avanzada-en-educacion\/"},"wordCount":492,"publisher":{"@id":"https:\/\/thinkin3d.cat\/es\/#organization"},"image":{"@id":"https:\/\/thinkin3d.cat\/es\/jornada-tecnologias-de-fabricacion-avanzada-en-educacion\/#primaryimage"},"thumbnailUrl":"https:\/\/thinkin3d.cat\/wp-content\/uploads\/2023\/05\/Webinar-Sicniva2.jpg","articleSection":["Agenda"],"inLanguage":"es"},{"@type":"WebPage","@id":"https:\/\/thinkin3d.cat\/es\/jornada-tecnologias-de-fabricacion-avanzada-en-educacion\/","url":"https:\/\/thinkin3d.cat\/es\/jornada-tecnologias-de-fabricacion-avanzada-en-educacion\/","name":"Tecnolog\u00edas de fabricaci\u00f3n avanzada en educaci\u00f3n - Jornada 3D | Thinkin3D","isPartOf":{"@id":"https:\/\/thinkin3d.cat\/es\/#website"},"primaryImageOfPage":{"@id":"https:\/\/thinkin3d.cat\/es\/jornada-tecnologias-de-fabricacion-avanzada-en-educacion\/#primaryimage"},"image":{"@id":"https:\/\/thinkin3d.cat\/es\/jornada-tecnologias-de-fabricacion-avanzada-en-educacion\/#primaryimage"},"thumbnailUrl":"https:\/\/thinkin3d.cat\/wp-content\/uploads\/2023\/05\/Webinar-Sicniva2.jpg","datePublished":"2023-05-19T12:08:55+00:00","dateModified":"2026-02-05T11:13:16+00:00","description":"Jornada sobre tecnolog\u00edas de fabricaci\u00f3n avanzada en educaci\u00f3n e impresi\u00f3n 3D aplicada a FP, Universidades y centros de investigaci\u00f3n.","breadcrumb":{"@id":"https:\/\/thinkin3d.cat\/es\/jornada-tecnologias-de-fabricacion-avanzada-en-educacion\/#breadcrumb"},"inLanguage":"es","potentialAction":[{"@type":"ReadAction","target":["https:\/\/thinkin3d.cat\/es\/jornada-tecnologias-de-fabricacion-avanzada-en-educacion\/"]}]},{"@type":"ImageObject","inLanguage":"es","@id":"https:\/\/thinkin3d.cat\/es\/jornada-tecnologias-de-fabricacion-avanzada-en-educacion\/#primaryimage","url":"https:\/\/thinkin3d.cat\/wp-content\/uploads\/2023\/05\/Webinar-Sicniva2.jpg","contentUrl":"https:\/\/thinkin3d.cat\/wp-content\/uploads\/2023\/05\/Webinar-Sicniva2.jpg","width":700,"height":360,"caption":"Jornada la impressi\u00f3 3D en l'educaci\u00f3"},{"@type":"BreadcrumbList","@id":"https:\/\/thinkin3d.cat\/es\/jornada-tecnologias-de-fabricacion-avanzada-en-educacion\/#breadcrumb","itemListElement":[{"@type":"ListItem","position":1,"name":"Home","item":"https:\/\/thinkin3d.cat\/es\/"},{"@type":"ListItem","position":2,"name":"Jornada: Tecnolog\u00edas de fabricaci\u00f3n avanzada en educaci\u00f3n"}]},{"@type":"WebSite","@id":"https:\/\/thinkin3d.cat\/es\/#website","url":"https:\/\/thinkin3d.cat\/es\/","name":"ThinkIn3D","description":"Benvinguts\/des al web de ThinkIn 3D, l&#039;acceleradora de fabricaci\u00f3 additiva del TecnoCampus, un projecte impulsat per l&#039;Ajuntament de Matar\u00f3 amb col\u00b7laboraci\u00f3 de la Uni\u00f3 Europea i la Fundaci\u00f3 INCYDE, membre de IAT.","publisher":{"@id":"https:\/\/thinkin3d.cat\/es\/#organization"},"potentialAction":[{"@type":"SearchAction","target":{"@type":"EntryPoint","urlTemplate":"https:\/\/thinkin3d.cat\/es\/?s={search_term_string}"},"query-input":{"@type":"PropertyValueSpecification","valueRequired":true,"valueName":"search_term_string"}}],"inLanguage":"es"},{"@type":"Organization","@id":"https:\/\/thinkin3d.cat\/es\/#organization","name":"ThinkIn3D","url":"https:\/\/thinkin3d.cat\/es\/","logo":{"@type":"ImageObject","inLanguage":"es","@id":"https:\/\/thinkin3d.cat\/es\/#\/schema\/logo\/image\/","url":"https:\/\/thinkin3d.cat\/wp-content\/uploads\/2023\/03\/cropped-Favicon-Thinkin.png","contentUrl":"https:\/\/thinkin3d.cat\/wp-content\/uploads\/2023\/03\/cropped-Favicon-Thinkin.png","width":512,"height":512,"caption":"ThinkIn3D"},"image":{"@id":"https:\/\/thinkin3d.cat\/es\/#\/schema\/logo\/image\/"}},{"@type":"Person","@id":"https:\/\/thinkin3d.cat\/es\/#\/schema\/person\/13d923e9546ae81d0e15f40a6e554376","name":"Chincheta","image":{"@type":"ImageObject","inLanguage":"es","@id":"https:\/\/secure.gravatar.com\/avatar\/40db380f6734d6bf90f05872de88ef66d593d46049369d9ecef90b4e5b88cec4?s=96&d=mm&r=g","url":"https:\/\/secure.gravatar.com\/avatar\/40db380f6734d6bf90f05872de88ef66d593d46049369d9ecef90b4e5b88cec4?s=96&d=mm&r=g","contentUrl":"https:\/\/secure.gravatar.com\/avatar\/40db380f6734d6bf90f05872de88ef66d593d46049369d9ecef90b4e5b88cec4?s=96&d=mm&r=g","caption":"Chincheta"},"url":"https:\/\/thinkin3d.cat\/es\/author\/chincheta\/"}]}},"_links":{"self":[{"href":"https:\/\/thinkin3d.cat\/es\/wp-json\/wp\/v2\/posts\/4730","targetHints":{"allow":["GET"]}}],"collection":[{"href":"https:\/\/thinkin3d.cat\/es\/wp-json\/wp\/v2\/posts"}],"about":[{"href":"https:\/\/thinkin3d.cat\/es\/wp-json\/wp\/v2\/types\/post"}],"author":[{"embeddable":true,"href":"https:\/\/thinkin3d.cat\/es\/wp-json\/wp\/v2\/users\/4"}],"replies":[{"embeddable":true,"href":"https:\/\/thinkin3d.cat\/es\/wp-json\/wp\/v2\/comments?post=4730"}],"version-history":[{"count":2,"href":"https:\/\/thinkin3d.cat\/es\/wp-json\/wp\/v2\/posts\/4730\/revisions"}],"predecessor-version":[{"id":18372,"href":"https:\/\/thinkin3d.cat\/es\/wp-json\/wp\/v2\/posts\/4730\/revisions\/18372"}],"wp:featuredmedia":[{"embeddable":true,"href":"https:\/\/thinkin3d.cat\/es\/wp-json\/wp\/v2\/media\/4727"}],"wp:attachment":[{"href":"https:\/\/thinkin3d.cat\/es\/wp-json\/wp\/v2\/media?parent=4730"}],"wp:term":[{"taxonomy":"category","embeddable":true,"href":"https:\/\/thinkin3d.cat\/es\/wp-json\/wp\/v2\/categories?post=4730"},{"taxonomy":"post_tag","embeddable":true,"href":"https:\/\/thinkin3d.cat\/es\/wp-json\/wp\/v2\/tags?post=4730"}],"curies":[{"name":"wp","href":"https:\/\/api.w.org\/{rel}","templated":true}]}}