{"id":20117,"date":"2023-03-27T08:55:21","date_gmt":"2023-03-27T08:55:21","guid":{"rendered":"https:\/\/thinkin3d.cat\/?p=20117"},"modified":"2026-04-27T08:43:08","modified_gmt":"2026-04-27T08:43:08","slug":"thinkin-3d-mataro-opens-its-doors","status":"publish","type":"post","link":"https:\/\/thinkin3d.cat\/en\/thinkin-3d-mataro-opens-its-doors\/","title":{"rendered":"ThinkIn 3D Matar\u00f3 Opens Its Doors"},"content":{"rendered":"\n<p>The <strong>additive manufacturing accelerator<\/strong> of ThinkIn 3D Matar\u00f3 has opened its doors with the aim of making 3D printing accessible and, moreover, fostering industrial innovation. This initiative allows startups, SMEs and micro-enterprises to experiment with additive manufacturing technologies, incorporating them into their production processes to improve competitiveness and sustainability. Indeed, the inauguration event brought together key representatives from TecnoCampus, the City Council of Matar\u00f3 and the Fundaci\u00f3n Incyde, highlighting the importance of collaborative work and the long-term vision.<\/p>\n\n\n\n<h2 class=\"wp-block-heading\">The inauguration event and the business context<\/h2>\n\n\n\n<p>On March 23, the additive manufacturing accelerator was officially inaugurated. Indeed, Josep Llu\u00eds Checa, CEO of TecnoCampus, highlighted that 127 companies have been contacted, 58 of which have shown interest in collaborating with ThinkIn 3D, and 21 already want to integrate into this incubation space.<\/p>\n\n\n\n<h2 class=\"wp-block-heading\">Lecture on the potential of additive manufacturing<\/h2>\n\n\n\n<p>Jos\u00e9 Mar\u00eda Cabrera, professor and director of CIM UPC, presented a lecture on the innovative potential of 3D printing. Moreover, he emphasised that additive manufacturing breaks with traditional manufacturing. This allows for local production, short series and great adaptation to customer needs.<\/p>\n\n\n\n<p><a href=\"https:\/\/markforged.com\/es\/resources\/blog\/additive-manufacturing-101-guide-the-basics\">More information on additive manufacturing<\/a><\/p>\n\n\n\n<h2 class=\"wp-block-heading\">The importance of collaborative work<\/h2>\n\n\n\n<p>Javier Collado, CEO of the Fundaci\u00f3n Incyde, stressed that the success of ThinkIn 3D Matar\u00f3 is based on collaboration between different entities: TecnoCampus, the City Council of Matar\u00f3 and the Fundaci\u00f3n Incyde. In this way, this collaboration ensures that companies have comprehensive support in incorporating 3D printing.<\/p>\n\n\n\n<h2 class=\"wp-block-heading\">Integration of the additive manufacturing accelerator in startups and SMEs<\/h2>\n\n\n\n<p>Sergi Morales, Councillor for Employment, highlighted that the accelerator is a space where companies of different sizes can test the technology. They can also integrate it into their production processes, improving competitiveness.<\/p>\n\n\n\n<p>David Bote, Mayor of Matar\u00f3, closed the event by emphasising that ThinkIn 3D Matar\u00f3 offers <strong>first-class support<\/strong> to integrate 3D printing effectively.<\/p>\n\n\n\n<p>Discover <a href=\"https:\/\/thinkin3d.cat\/casos-exit\/\">how companies have successfully applied additive manufacturing<\/a> on the ThinkIn 3D website.<\/p>\n\n\n\n<h2 class=\"wp-block-heading\">Programmes and opportunities of the additive manufacturing accelerator<\/h2>\n\n\n\n<p>The additive manufacturing accelerator is beginning to incubate its first projects, moreover, offering <strong>programmes focused on innovating in production processes, operations and business models<\/strong>. Indeed, participants will have access to tools, training and advice to maximise the potential of 3D printing in their businesses.<\/p>\n","protected":false},"excerpt":{"rendered":"<p>The additive manufacturing accelerator of ThinkIn 3D Matar\u00f3 has opened its doors with the aim of making 3D printing accessible and, moreover, fostering industrial innovation. This initiative allows startups, SMEs and micro-enterprises to experiment with additive manufacturing technologies, incorporating them into their production processes to improve competitiveness and sustainability. Indeed, the inauguration event brought together [&hellip;]<\/p>\n","protected":false},"author":10,"featured_media":4889,"comment_status":"closed","ping_status":"open","sticky":false,"template":"","format":"standard","meta":{"_acf_changed":false,"_eb_attr":"","footnotes":""},"categories":[84],"tags":[],"class_list":["post-20117","post","type-post","status-publish","format-standard","has-post-thumbnail","hentry","category-thinkin3d"],"acf":[],"yoast_head":"<!-- This site is optimized with the Yoast SEO plugin v27.5 - https:\/\/yoast.com\/product\/yoast-seo-wordpress\/ -->\n<title>ThinkIn 3D Matar\u00f3 Opens Its Doors | Thinkin3D<\/title>\n<meta name=\"description\" content=\"ThinkIn 3D Matar\u00f3, the additive manufacturing accelerator, has officially opened its doors. Discover how it is transforming production processes for startups and SMEs with 3D printing technology.\" \/>\n<meta name=\"robots\" content=\"index, follow, max-snippet:-1, max-image-preview:large, max-video-preview:-1\" \/>\n<link rel=\"canonical\" href=\"https:\/\/thinkin3d.cat\/en\/thinkin-3d-mataro-opens-its-doors\/\" \/>\n<meta property=\"og:locale\" content=\"en_US\" \/>\n<meta property=\"og:type\" content=\"article\" \/>\n<meta property=\"og:title\" content=\"ThinkIn 3D Matar\u00f3 Opens Its Doors | Thinkin3D\" \/>\n<meta property=\"og:description\" content=\"ThinkIn 3D Matar\u00f3, the additive manufacturing accelerator, has officially opened its doors. Discover how it is transforming production processes for startups and SMEs with 3D printing technology.\" \/>\n<meta property=\"og:url\" content=\"https:\/\/thinkin3d.cat\/en\/thinkin-3d-mataro-opens-its-doors\/\" \/>\n<meta property=\"og:site_name\" content=\"Thinkin3D\" \/>\n<meta property=\"article:published_time\" content=\"2023-03-27T08:55:21+00:00\" \/>\n<meta property=\"article:modified_time\" content=\"2026-04-27T08:43:08+00:00\" \/>\n<meta property=\"og:image\" content=\"https:\/\/thinkin3d.cat\/wp-content\/uploads\/2023\/04\/IMG_0750-scaled.jpg\" \/>\n\t<meta property=\"og:image:width\" content=\"2560\" \/>\n\t<meta property=\"og:image:height\" content=\"1920\" \/>\n\t<meta property=\"og:image:type\" content=\"image\/jpeg\" \/>\n<meta name=\"author\" content=\"FerranMartim\" \/>\n<meta name=\"twitter:card\" content=\"summary_large_image\" \/>\n<meta name=\"twitter:label1\" content=\"Written by\" \/>\n\t<meta name=\"twitter:data1\" content=\"FerranMartim\" \/>\n\t<meta name=\"twitter:label2\" content=\"Est. reading time\" \/>\n\t<meta name=\"twitter:data2\" content=\"2 minutes\" \/>\n<script type=\"application\/ld+json\" class=\"yoast-schema-graph\">{\"@context\":\"https:\\\/\\\/schema.org\",\"@graph\":[{\"@type\":\"Article\",\"@id\":\"https:\\\/\\\/thinkin3d.cat\\\/en\\\/thinkin-3d-mataro-opens-its-doors\\\/#article\",\"isPartOf\":{\"@id\":\"https:\\\/\\\/thinkin3d.cat\\\/en\\\/thinkin-3d-mataro-opens-its-doors\\\/\"},\"author\":{\"name\":\"FerranMartim\",\"@id\":\"https:\\\/\\\/thinkin3d.cat\\\/en\\\/#\\\/schema\\\/person\\\/59818264e83609e4eaaa8016b8183cc6\"},\"headline\":\"ThinkIn 3D Matar\u00f3 Opens Its Doors\",\"datePublished\":\"2023-03-27T08:55:21+00:00\",\"dateModified\":\"2026-04-27T08:43:08+00:00\",\"mainEntityOfPage\":{\"@id\":\"https:\\\/\\\/thinkin3d.cat\\\/en\\\/thinkin-3d-mataro-opens-its-doors\\\/\"},\"wordCount\":372,\"publisher\":{\"@id\":\"https:\\\/\\\/thinkin3d.cat\\\/en\\\/#organization\"},\"image\":{\"@id\":\"https:\\\/\\\/thinkin3d.cat\\\/en\\\/thinkin-3d-mataro-opens-its-doors\\\/#primaryimage\"},\"thumbnailUrl\":\"https:\\\/\\\/thinkin3d.cat\\\/wp-content\\\/uploads\\\/2023\\\/04\\\/IMG_0750-scaled.jpg\",\"articleSection\":[\"ThinkIn3D\"],\"inLanguage\":\"en-US\"},{\"@type\":\"WebPage\",\"@id\":\"https:\\\/\\\/thinkin3d.cat\\\/en\\\/thinkin-3d-mataro-opens-its-doors\\\/\",\"url\":\"https:\\\/\\\/thinkin3d.cat\\\/en\\\/thinkin-3d-mataro-opens-its-doors\\\/\",\"name\":\"ThinkIn 3D Matar\u00f3 Opens Its Doors | Thinkin3D\",\"isPartOf\":{\"@id\":\"https:\\\/\\\/thinkin3d.cat\\\/en\\\/#website\"},\"primaryImageOfPage\":{\"@id\":\"https:\\\/\\\/thinkin3d.cat\\\/en\\\/thinkin-3d-mataro-opens-its-doors\\\/#primaryimage\"},\"image\":{\"@id\":\"https:\\\/\\\/thinkin3d.cat\\\/en\\\/thinkin-3d-mataro-opens-its-doors\\\/#primaryimage\"},\"thumbnailUrl\":\"https:\\\/\\\/thinkin3d.cat\\\/wp-content\\\/uploads\\\/2023\\\/04\\\/IMG_0750-scaled.jpg\",\"datePublished\":\"2023-03-27T08:55:21+00:00\",\"dateModified\":\"2026-04-27T08:43:08+00:00\",\"description\":\"ThinkIn 3D Matar\u00f3, the additive manufacturing accelerator, has officially opened its doors. Discover how it is transforming production processes for startups and SMEs with 3D printing technology.\",\"breadcrumb\":{\"@id\":\"https:\\\/\\\/thinkin3d.cat\\\/en\\\/thinkin-3d-mataro-opens-its-doors\\\/#breadcrumb\"},\"inLanguage\":\"en-US\",\"potentialAction\":[{\"@type\":\"ReadAction\",\"target\":[\"https:\\\/\\\/thinkin3d.cat\\\/en\\\/thinkin-3d-mataro-opens-its-doors\\\/\"]}]},{\"@type\":\"ImageObject\",\"inLanguage\":\"en-US\",\"@id\":\"https:\\\/\\\/thinkin3d.cat\\\/en\\\/thinkin-3d-mataro-opens-its-doors\\\/#primaryimage\",\"url\":\"https:\\\/\\\/thinkin3d.cat\\\/wp-content\\\/uploads\\\/2023\\\/04\\\/IMG_0750-scaled.jpg\",\"contentUrl\":\"https:\\\/\\\/thinkin3d.cat\\\/wp-content\\\/uploads\\\/2023\\\/04\\\/IMG_0750-scaled.jpg\",\"width\":2560,\"height\":1920},{\"@type\":\"BreadcrumbList\",\"@id\":\"https:\\\/\\\/thinkin3d.cat\\\/en\\\/thinkin-3d-mataro-opens-its-doors\\\/#breadcrumb\",\"itemListElement\":[{\"@type\":\"ListItem\",\"position\":1,\"name\":\"Home\",\"item\":\"https:\\\/\\\/thinkin3d.cat\\\/en\\\/\"},{\"@type\":\"ListItem\",\"position\":2,\"name\":\"ThinkIn 3D Matar\u00f3 Opens Its Doors\"}]},{\"@type\":\"WebSite\",\"@id\":\"https:\\\/\\\/thinkin3d.cat\\\/en\\\/#website\",\"url\":\"https:\\\/\\\/thinkin3d.cat\\\/en\\\/\",\"name\":\"ThinkIn3D\",\"description\":\"Benvinguts\\\/des al web de ThinkIn 3D, l&#039;acceleradora de fabricaci\u00f3 additiva del TecnoCampus, un projecte impulsat per l&#039;Ajuntament de Matar\u00f3 amb col\u00b7laboraci\u00f3 de la Uni\u00f3 Europea i la Fundaci\u00f3 INCYDE, membre de IAT.\",\"publisher\":{\"@id\":\"https:\\\/\\\/thinkin3d.cat\\\/en\\\/#organization\"},\"potentialAction\":[{\"@type\":\"SearchAction\",\"target\":{\"@type\":\"EntryPoint\",\"urlTemplate\":\"https:\\\/\\\/thinkin3d.cat\\\/en\\\/?s={search_term_string}\"},\"query-input\":{\"@type\":\"PropertyValueSpecification\",\"valueRequired\":true,\"valueName\":\"search_term_string\"}}],\"inLanguage\":\"en-US\"},{\"@type\":\"Organization\",\"@id\":\"https:\\\/\\\/thinkin3d.cat\\\/en\\\/#organization\",\"name\":\"ThinkIn3D\",\"url\":\"https:\\\/\\\/thinkin3d.cat\\\/en\\\/\",\"logo\":{\"@type\":\"ImageObject\",\"inLanguage\":\"en-US\",\"@id\":\"https:\\\/\\\/thinkin3d.cat\\\/en\\\/#\\\/schema\\\/logo\\\/image\\\/\",\"url\":\"https:\\\/\\\/thinkin3d.cat\\\/wp-content\\\/uploads\\\/2023\\\/03\\\/cropped-Favicon-Thinkin.png\",\"contentUrl\":\"https:\\\/\\\/thinkin3d.cat\\\/wp-content\\\/uploads\\\/2023\\\/03\\\/cropped-Favicon-Thinkin.png\",\"width\":512,\"height\":512,\"caption\":\"ThinkIn3D\"},\"image\":{\"@id\":\"https:\\\/\\\/thinkin3d.cat\\\/en\\\/#\\\/schema\\\/logo\\\/image\\\/\"}},{\"@type\":\"Person\",\"@id\":\"https:\\\/\\\/thinkin3d.cat\\\/en\\\/#\\\/schema\\\/person\\\/59818264e83609e4eaaa8016b8183cc6\",\"name\":\"FerranMartim\",\"image\":{\"@type\":\"ImageObject\",\"inLanguage\":\"en-US\",\"@id\":\"https:\\\/\\\/secure.gravatar.com\\\/avatar\\\/b7a89493ec17b90934aa8b9ac203d1b6b422c0e7603bd90fdcd036cb9c587d21?s=96&d=mm&r=g\",\"url\":\"https:\\\/\\\/secure.gravatar.com\\\/avatar\\\/b7a89493ec17b90934aa8b9ac203d1b6b422c0e7603bd90fdcd036cb9c587d21?s=96&d=mm&r=g\",\"contentUrl\":\"https:\\\/\\\/secure.gravatar.com\\\/avatar\\\/b7a89493ec17b90934aa8b9ac203d1b6b422c0e7603bd90fdcd036cb9c587d21?s=96&d=mm&r=g\",\"caption\":\"FerranMartim\"},\"url\":\"https:\\\/\\\/thinkin3d.cat\\\/en\\\/author\\\/ferranmartim\\\/\"}]}<\/script>\n<!-- \/ Yoast SEO plugin. -->","yoast_head_json":{"title":"ThinkIn 3D Matar\u00f3 Opens Its Doors | Thinkin3D","description":"ThinkIn 3D Matar\u00f3, the additive manufacturing accelerator, has officially opened its doors. Discover how it is transforming production processes for startups and SMEs with 3D printing technology.","robots":{"index":"index","follow":"follow","max-snippet":"max-snippet:-1","max-image-preview":"max-image-preview:large","max-video-preview":"max-video-preview:-1"},"canonical":"https:\/\/thinkin3d.cat\/en\/thinkin-3d-mataro-opens-its-doors\/","og_locale":"en_US","og_type":"article","og_title":"ThinkIn 3D Matar\u00f3 Opens Its Doors | Thinkin3D","og_description":"ThinkIn 3D Matar\u00f3, the additive manufacturing accelerator, has officially opened its doors. Discover how it is transforming production processes for startups and SMEs with 3D printing technology.","og_url":"https:\/\/thinkin3d.cat\/en\/thinkin-3d-mataro-opens-its-doors\/","og_site_name":"Thinkin3D","article_published_time":"2023-03-27T08:55:21+00:00","article_modified_time":"2026-04-27T08:43:08+00:00","og_image":[{"width":2560,"height":1920,"url":"https:\/\/thinkin3d.cat\/wp-content\/uploads\/2023\/04\/IMG_0750-scaled.jpg","type":"image\/jpeg"}],"author":"FerranMartim","twitter_card":"summary_large_image","twitter_misc":{"Written by":"FerranMartim","Est. reading time":"2 minutes"},"schema":{"@context":"https:\/\/schema.org","@graph":[{"@type":"Article","@id":"https:\/\/thinkin3d.cat\/en\/thinkin-3d-mataro-opens-its-doors\/#article","isPartOf":{"@id":"https:\/\/thinkin3d.cat\/en\/thinkin-3d-mataro-opens-its-doors\/"},"author":{"name":"FerranMartim","@id":"https:\/\/thinkin3d.cat\/en\/#\/schema\/person\/59818264e83609e4eaaa8016b8183cc6"},"headline":"ThinkIn 3D Matar\u00f3 Opens Its Doors","datePublished":"2023-03-27T08:55:21+00:00","dateModified":"2026-04-27T08:43:08+00:00","mainEntityOfPage":{"@id":"https:\/\/thinkin3d.cat\/en\/thinkin-3d-mataro-opens-its-doors\/"},"wordCount":372,"publisher":{"@id":"https:\/\/thinkin3d.cat\/en\/#organization"},"image":{"@id":"https:\/\/thinkin3d.cat\/en\/thinkin-3d-mataro-opens-its-doors\/#primaryimage"},"thumbnailUrl":"https:\/\/thinkin3d.cat\/wp-content\/uploads\/2023\/04\/IMG_0750-scaled.jpg","articleSection":["ThinkIn3D"],"inLanguage":"en-US"},{"@type":"WebPage","@id":"https:\/\/thinkin3d.cat\/en\/thinkin-3d-mataro-opens-its-doors\/","url":"https:\/\/thinkin3d.cat\/en\/thinkin-3d-mataro-opens-its-doors\/","name":"ThinkIn 3D Matar\u00f3 Opens Its Doors | Thinkin3D","isPartOf":{"@id":"https:\/\/thinkin3d.cat\/en\/#website"},"primaryImageOfPage":{"@id":"https:\/\/thinkin3d.cat\/en\/thinkin-3d-mataro-opens-its-doors\/#primaryimage"},"image":{"@id":"https:\/\/thinkin3d.cat\/en\/thinkin-3d-mataro-opens-its-doors\/#primaryimage"},"thumbnailUrl":"https:\/\/thinkin3d.cat\/wp-content\/uploads\/2023\/04\/IMG_0750-scaled.jpg","datePublished":"2023-03-27T08:55:21+00:00","dateModified":"2026-04-27T08:43:08+00:00","description":"ThinkIn 3D Matar\u00f3, the additive manufacturing accelerator, has officially opened its doors. Discover how it is transforming production processes for startups and SMEs with 3D printing technology.","breadcrumb":{"@id":"https:\/\/thinkin3d.cat\/en\/thinkin-3d-mataro-opens-its-doors\/#breadcrumb"},"inLanguage":"en-US","potentialAction":[{"@type":"ReadAction","target":["https:\/\/thinkin3d.cat\/en\/thinkin-3d-mataro-opens-its-doors\/"]}]},{"@type":"ImageObject","inLanguage":"en-US","@id":"https:\/\/thinkin3d.cat\/en\/thinkin-3d-mataro-opens-its-doors\/#primaryimage","url":"https:\/\/thinkin3d.cat\/wp-content\/uploads\/2023\/04\/IMG_0750-scaled.jpg","contentUrl":"https:\/\/thinkin3d.cat\/wp-content\/uploads\/2023\/04\/IMG_0750-scaled.jpg","width":2560,"height":1920},{"@type":"BreadcrumbList","@id":"https:\/\/thinkin3d.cat\/en\/thinkin-3d-mataro-opens-its-doors\/#breadcrumb","itemListElement":[{"@type":"ListItem","position":1,"name":"Home","item":"https:\/\/thinkin3d.cat\/en\/"},{"@type":"ListItem","position":2,"name":"ThinkIn 3D Matar\u00f3 Opens Its Doors"}]},{"@type":"WebSite","@id":"https:\/\/thinkin3d.cat\/en\/#website","url":"https:\/\/thinkin3d.cat\/en\/","name":"ThinkIn3D","description":"Benvinguts\/des al web de ThinkIn 3D, l&#039;acceleradora de fabricaci\u00f3 additiva del TecnoCampus, un projecte impulsat per l&#039;Ajuntament de Matar\u00f3 amb col\u00b7laboraci\u00f3 de la Uni\u00f3 Europea i la Fundaci\u00f3 INCYDE, membre de IAT.","publisher":{"@id":"https:\/\/thinkin3d.cat\/en\/#organization"},"potentialAction":[{"@type":"SearchAction","target":{"@type":"EntryPoint","urlTemplate":"https:\/\/thinkin3d.cat\/en\/?s={search_term_string}"},"query-input":{"@type":"PropertyValueSpecification","valueRequired":true,"valueName":"search_term_string"}}],"inLanguage":"en-US"},{"@type":"Organization","@id":"https:\/\/thinkin3d.cat\/en\/#organization","name":"ThinkIn3D","url":"https:\/\/thinkin3d.cat\/en\/","logo":{"@type":"ImageObject","inLanguage":"en-US","@id":"https:\/\/thinkin3d.cat\/en\/#\/schema\/logo\/image\/","url":"https:\/\/thinkin3d.cat\/wp-content\/uploads\/2023\/03\/cropped-Favicon-Thinkin.png","contentUrl":"https:\/\/thinkin3d.cat\/wp-content\/uploads\/2023\/03\/cropped-Favicon-Thinkin.png","width":512,"height":512,"caption":"ThinkIn3D"},"image":{"@id":"https:\/\/thinkin3d.cat\/en\/#\/schema\/logo\/image\/"}},{"@type":"Person","@id":"https:\/\/thinkin3d.cat\/en\/#\/schema\/person\/59818264e83609e4eaaa8016b8183cc6","name":"FerranMartim","image":{"@type":"ImageObject","inLanguage":"en-US","@id":"https:\/\/secure.gravatar.com\/avatar\/b7a89493ec17b90934aa8b9ac203d1b6b422c0e7603bd90fdcd036cb9c587d21?s=96&d=mm&r=g","url":"https:\/\/secure.gravatar.com\/avatar\/b7a89493ec17b90934aa8b9ac203d1b6b422c0e7603bd90fdcd036cb9c587d21?s=96&d=mm&r=g","contentUrl":"https:\/\/secure.gravatar.com\/avatar\/b7a89493ec17b90934aa8b9ac203d1b6b422c0e7603bd90fdcd036cb9c587d21?s=96&d=mm&r=g","caption":"FerranMartim"},"url":"https:\/\/thinkin3d.cat\/en\/author\/ferranmartim\/"}]}},"_links":{"self":[{"href":"https:\/\/thinkin3d.cat\/en\/wp-json\/wp\/v2\/posts\/20117","targetHints":{"allow":["GET"]}}],"collection":[{"href":"https:\/\/thinkin3d.cat\/en\/wp-json\/wp\/v2\/posts"}],"about":[{"href":"https:\/\/thinkin3d.cat\/en\/wp-json\/wp\/v2\/types\/post"}],"author":[{"embeddable":true,"href":"https:\/\/thinkin3d.cat\/en\/wp-json\/wp\/v2\/users\/10"}],"replies":[{"embeddable":true,"href":"https:\/\/thinkin3d.cat\/en\/wp-json\/wp\/v2\/comments?post=20117"}],"version-history":[{"count":1,"href":"https:\/\/thinkin3d.cat\/en\/wp-json\/wp\/v2\/posts\/20117\/revisions"}],"predecessor-version":[{"id":20119,"href":"https:\/\/thinkin3d.cat\/en\/wp-json\/wp\/v2\/posts\/20117\/revisions\/20119"}],"wp:featuredmedia":[{"embeddable":true,"href":"https:\/\/thinkin3d.cat\/en\/wp-json\/wp\/v2\/media\/4889"}],"wp:attachment":[{"href":"https:\/\/thinkin3d.cat\/en\/wp-json\/wp\/v2\/media?parent=20117"}],"wp:term":[{"taxonomy":"category","embeddable":true,"href":"https:\/\/thinkin3d.cat\/en\/wp-json\/wp\/v2\/categories?post=20117"},{"taxonomy":"post_tag","embeddable":true,"href":"https:\/\/thinkin3d.cat\/en\/wp-json\/wp\/v2\/tags?post=20117"}],"curies":[{"name":"wp","href":"https:\/\/api.w.org\/{rel}","templated":true}]}}