{"id":20112,"date":"2023-02-20T12:36:00","date_gmt":"2023-02-20T12:36:00","guid":{"rendered":"https:\/\/thinkin3d.cat\/?p=20112"},"modified":"2026-04-27T07:54:28","modified_gmt":"2026-04-27T07:54:28","slug":"innovating-with-3d-printing","status":"publish","type":"post","link":"https:\/\/thinkin3d.cat\/en\/innovating-with-3d-printing\/","title":{"rendered":"Are you a company and want to innovate with 3D printing?"},"content":{"rendered":"\n<p><strong>Innovating with 3D printing<\/strong> is today a real opportunity for companies that want to be more competitive. Additive manufacturing is a key technology of Industry 4.0 and it increasingly has real-world applications.<\/p>\n\n\n\n<p>However, many SMEs and micro-enterprises still wonder how to incorporate 3D printing effectively. Precisely to address this challenge, <strong>ThinkIn 3D Matar\u00f3<\/strong> was born, the additive manufacturing accelerator.<\/p>\n\n\n\n<h2 class=\"wp-block-heading\">ThinkIn 3D Matar\u00f3: technology transfer for businesses<\/h2>\n\n\n\n<p>ThinkIn 3D Matar\u00f3 was officially presented in December 2022. Around a hundred companies interested in 3D printing attended the event.<\/p>\n\n\n\n<p>Moreover, the event featured the participation of innovation and entrepreneurship experts. They all highlighted the importance of this unique facility. This space captures the spirit of the project, which has just begun its journey.<\/p>\n\n\n\n<h2 class=\"wp-block-heading\">Meeting point between SMEs, talent and innovation<\/h2>\n\n\n\n<p>This new infrastructure is located at the <strong>TecnoCampus Matar\u00f3<\/strong>. It has a 700 m\u00b2 space with flexible and versatile equipment.<\/p>\n\n\n\n<p>According to Josep Llu\u00eds Checa, general director of TecnoCampus, ThinkIn 3D Matar\u00f3 facilitates the support of companies in adopting 3D printing. Especially in the case of start-ups, SMEs and micro-enterprises.<\/p>\n\n\n\n<p>On the other hand, the project follows a <strong>T-shaped model<\/strong>. On one hand, it has a clear specialization in health and well-being. On the other, it maintains a horizontal vision open to companies from all sectors.<\/p>\n\n\n\n<p>The common denominator is clear: companies that want to <strong>innovate with 3D printing<\/strong>.<\/p>\n\n\n\n<h2 class=\"wp-block-heading\">Additive manufacturing as a driver of business change<\/h2>\n\n\n\n<p>This incubator seeks to mobilize resources with real impact. Both for people and for the territory.<\/p>\n\n\n\n<p>In this sense, additive manufacturing is a disruptive technology. It enables new business models. It also opens the door to different design criteria and more flexible production.<\/p>\n\n\n\n<p>Therefore, 3D printing is not just a technological tool. It is a strategic element with great potential.<\/p>\n\n\n\n<h2 class=\"wp-block-heading\">Betting on general-purpose technologies<\/h2>\n\n\n\n<p>In a context of economic uncertainty, transformation is key. This is defended by Esteve Almirall, director of the Center for Innovation in Cities.<\/p>\n\n\n\n<p>During the presentation of the project, Almirall highlighted that many innovation policies focus on specific sectors. However, there is another path with greater cross-cutting impact.<\/p>\n\n\n\n<p>As he explains, betting on general-purpose technologies \u2014such as 3D printing, artificial intelligence or the cloud\u2014 benefits many more sectors. Consequently, ThinkIn 3D Matar\u00f3 becomes a key tool to make this vision a reality in the field of additive manufacturing.<\/p>\n\n\n\n<h2 class=\"wp-block-heading\">A network of high-tech incubators<\/h2>\n\n\n\n<p>ThinkIn 3D Matar\u00f3 is part of a national ecosystem of high-tech incubators. Currently, there are 23 in Spain, of which 13 are already operational.<\/p>\n\n\n\n<p>According to Jos\u00e9 Luis Bonet, president of Fundaci\u00f3n Incyde, it is the largest network in Europe. Moreover, ambitious goals have been set for 2025:<\/p>\n\n\n\n<ul class=\"wp-block-list\">\n\n<li>Incubate 2,500 technology companies<\/li>\n\n\n<li>Create 45,000 direct jobs<\/li>\n\n<\/ul>\n\n\n\n<h2 class=\"wp-block-heading\">A project with territorial impact<\/h2>\n\n\n\n<p>ThinkIn 3D Matar\u00f3 is promoted by <strong>TecnoCampus<\/strong>, with funding from the <strong>FEDER Funds<\/strong> of the European Union, through Fundaci\u00f3n Incyde and the Matar\u00f3 City Council.<\/p>\n\n\n\n<p>Since the year 2000, INCYDE has invested more than 330 million euros in entrepreneurship and innovation. The goal is clear: consolidate companies and generate quality employment.<\/p>\n\n\n\n<h2 class=\"wp-block-heading\">Innovation in a unique environment<\/h2>\n\n\n\n<p>The location of ThinkIn 3D Matar\u00f3 is no coincidence. TecnoCampus is a space designed for entrepreneurship and disruption.<\/p>\n\n\n\n<p>As highlighted by the mayor of Matar\u00f3, David Bote, this environment brings talent, innovation and future projection. Moreover, it puts real tools at the service of companies to improve their competitiveness.<\/p>\n\n\n\n<p>In short, <strong>innovating with 3D printing<\/strong> is more accessible than ever today. ThinkIn 3D Matar\u00f3 is the gateway to this future.<\/p>\n","protected":false},"excerpt":{"rendered":"<p>Innovating with 3D printing is today a real opportunity for companies that want to be more competitive. Additive manufacturing is a key technology of Industry 4.0 and it increasingly has real-world applications. However, many SMEs and micro-enterprises still wonder how to incorporate 3D printing effectively. Precisely to address this challenge, ThinkIn 3D Matar\u00f3 was born, [&hellip;]<\/p>\n","protected":false},"author":10,"featured_media":4878,"comment_status":"closed","ping_status":"open","sticky":false,"template":"","format":"standard","meta":{"_acf_changed":false,"_eb_attr":"","footnotes":""},"categories":[84],"tags":[],"class_list":["post-20112","post","type-post","status-publish","format-standard","has-post-thumbnail","hentry","category-thinkin3d"],"acf":[],"yoast_head":"<!-- This site is optimized with the Yoast SEO plugin v27.5 - https:\/\/yoast.com\/product\/yoast-seo-wordpress\/ -->\n<title>Innovate with 3D printing: the ThinkIn 3D Matar\u00f3 accelerator | Thinkin3D<\/title>\n<meta name=\"description\" content=\"Discover how to innovate with 3D printing through ThinkIn 3D Matar\u00f3, the accelerator that promotes SMEs and microSMEs.\" \/>\n<meta name=\"robots\" content=\"index, follow, max-snippet:-1, max-image-preview:large, max-video-preview:-1\" \/>\n<link rel=\"canonical\" href=\"https:\/\/thinkin3d.cat\/en\/innovating-with-3d-printing\/\" \/>\n<meta property=\"og:locale\" content=\"en_US\" \/>\n<meta property=\"og:type\" content=\"article\" \/>\n<meta property=\"og:title\" content=\"Innovate with 3D printing: the ThinkIn 3D Matar\u00f3 accelerator | Thinkin3D\" \/>\n<meta property=\"og:description\" content=\"Discover how to innovate with 3D printing through ThinkIn 3D Matar\u00f3, the accelerator that promotes SMEs and microSMEs.\" \/>\n<meta property=\"og:url\" content=\"https:\/\/thinkin3d.cat\/en\/innovating-with-3d-printing\/\" \/>\n<meta property=\"og:site_name\" content=\"Thinkin3D\" \/>\n<meta property=\"article:published_time\" content=\"2023-02-20T12:36:00+00:00\" \/>\n<meta property=\"article:modified_time\" content=\"2026-04-27T07:54:28+00:00\" \/>\n<meta property=\"og:image\" content=\"https:\/\/thinkin3d.cat\/wp-content\/uploads\/2023\/02\/iStock-1145957320.jpg\" \/>\n\t<meta property=\"og:image:width\" content=\"1763\" \/>\n\t<meta property=\"og:image:height\" content=\"1700\" \/>\n\t<meta property=\"og:image:type\" content=\"image\/jpeg\" \/>\n<meta name=\"author\" content=\"FerranMartim\" \/>\n<meta name=\"twitter:card\" content=\"summary_large_image\" \/>\n<meta name=\"twitter:label1\" content=\"Written by\" \/>\n\t<meta name=\"twitter:data1\" content=\"FerranMartim\" \/>\n\t<meta name=\"twitter:label2\" content=\"Est. reading time\" \/>\n\t<meta name=\"twitter:data2\" content=\"3 minutes\" \/>\n<script type=\"application\/ld+json\" class=\"yoast-schema-graph\">{\"@context\":\"https:\\\/\\\/schema.org\",\"@graph\":[{\"@type\":\"Article\",\"@id\":\"https:\\\/\\\/thinkin3d.cat\\\/en\\\/innovating-with-3d-printing\\\/#article\",\"isPartOf\":{\"@id\":\"https:\\\/\\\/thinkin3d.cat\\\/en\\\/innovating-with-3d-printing\\\/\"},\"author\":{\"name\":\"FerranMartim\",\"@id\":\"https:\\\/\\\/thinkin3d.cat\\\/en\\\/#\\\/schema\\\/person\\\/59818264e83609e4eaaa8016b8183cc6\"},\"headline\":\"Are you a company and want to innovate with 3D printing?\",\"datePublished\":\"2023-02-20T12:36:00+00:00\",\"dateModified\":\"2026-04-27T07:54:28+00:00\",\"mainEntityOfPage\":{\"@id\":\"https:\\\/\\\/thinkin3d.cat\\\/en\\\/innovating-with-3d-printing\\\/\"},\"wordCount\":582,\"publisher\":{\"@id\":\"https:\\\/\\\/thinkin3d.cat\\\/en\\\/#organization\"},\"image\":{\"@id\":\"https:\\\/\\\/thinkin3d.cat\\\/en\\\/innovating-with-3d-printing\\\/#primaryimage\"},\"thumbnailUrl\":\"https:\\\/\\\/thinkin3d.cat\\\/wp-content\\\/uploads\\\/2023\\\/02\\\/iStock-1145957320.jpg\",\"articleSection\":[\"ThinkIn3D\"],\"inLanguage\":\"en-US\"},{\"@type\":\"WebPage\",\"@id\":\"https:\\\/\\\/thinkin3d.cat\\\/en\\\/innovating-with-3d-printing\\\/\",\"url\":\"https:\\\/\\\/thinkin3d.cat\\\/en\\\/innovating-with-3d-printing\\\/\",\"name\":\"Innovate with 3D printing: the ThinkIn 3D Matar\u00f3 accelerator | Thinkin3D\",\"isPartOf\":{\"@id\":\"https:\\\/\\\/thinkin3d.cat\\\/en\\\/#website\"},\"primaryImageOfPage\":{\"@id\":\"https:\\\/\\\/thinkin3d.cat\\\/en\\\/innovating-with-3d-printing\\\/#primaryimage\"},\"image\":{\"@id\":\"https:\\\/\\\/thinkin3d.cat\\\/en\\\/innovating-with-3d-printing\\\/#primaryimage\"},\"thumbnailUrl\":\"https:\\\/\\\/thinkin3d.cat\\\/wp-content\\\/uploads\\\/2023\\\/02\\\/iStock-1145957320.jpg\",\"datePublished\":\"2023-02-20T12:36:00+00:00\",\"dateModified\":\"2026-04-27T07:54:28+00:00\",\"description\":\"Discover how to innovate with 3D printing through ThinkIn 3D Matar\u00f3, the accelerator that promotes SMEs and microSMEs.\",\"breadcrumb\":{\"@id\":\"https:\\\/\\\/thinkin3d.cat\\\/en\\\/innovating-with-3d-printing\\\/#breadcrumb\"},\"inLanguage\":\"en-US\",\"potentialAction\":[{\"@type\":\"ReadAction\",\"target\":[\"https:\\\/\\\/thinkin3d.cat\\\/en\\\/innovating-with-3d-printing\\\/\"]}]},{\"@type\":\"ImageObject\",\"inLanguage\":\"en-US\",\"@id\":\"https:\\\/\\\/thinkin3d.cat\\\/en\\\/innovating-with-3d-printing\\\/#primaryimage\",\"url\":\"https:\\\/\\\/thinkin3d.cat\\\/wp-content\\\/uploads\\\/2023\\\/02\\\/iStock-1145957320.jpg\",\"contentUrl\":\"https:\\\/\\\/thinkin3d.cat\\\/wp-content\\\/uploads\\\/2023\\\/02\\\/iStock-1145957320.jpg\",\"width\":1763,\"height\":1700,\"caption\":\"La impressi\u00f3 3D aporta beneficis a les empreses\"},{\"@type\":\"BreadcrumbList\",\"@id\":\"https:\\\/\\\/thinkin3d.cat\\\/en\\\/innovating-with-3d-printing\\\/#breadcrumb\",\"itemListElement\":[{\"@type\":\"ListItem\",\"position\":1,\"name\":\"Home\",\"item\":\"https:\\\/\\\/thinkin3d.cat\\\/en\\\/\"},{\"@type\":\"ListItem\",\"position\":2,\"name\":\"Are you a company and want to innovate with 3D printing?\"}]},{\"@type\":\"WebSite\",\"@id\":\"https:\\\/\\\/thinkin3d.cat\\\/en\\\/#website\",\"url\":\"https:\\\/\\\/thinkin3d.cat\\\/en\\\/\",\"name\":\"ThinkIn3D\",\"description\":\"Benvinguts\\\/des al web de ThinkIn 3D, l&#039;acceleradora de fabricaci\u00f3 additiva del TecnoCampus, un projecte impulsat per l&#039;Ajuntament de Matar\u00f3 amb col\u00b7laboraci\u00f3 de la Uni\u00f3 Europea i la Fundaci\u00f3 INCYDE, membre de IAT.\",\"publisher\":{\"@id\":\"https:\\\/\\\/thinkin3d.cat\\\/en\\\/#organization\"},\"potentialAction\":[{\"@type\":\"SearchAction\",\"target\":{\"@type\":\"EntryPoint\",\"urlTemplate\":\"https:\\\/\\\/thinkin3d.cat\\\/en\\\/?s={search_term_string}\"},\"query-input\":{\"@type\":\"PropertyValueSpecification\",\"valueRequired\":true,\"valueName\":\"search_term_string\"}}],\"inLanguage\":\"en-US\"},{\"@type\":\"Organization\",\"@id\":\"https:\\\/\\\/thinkin3d.cat\\\/en\\\/#organization\",\"name\":\"ThinkIn3D\",\"url\":\"https:\\\/\\\/thinkin3d.cat\\\/en\\\/\",\"logo\":{\"@type\":\"ImageObject\",\"inLanguage\":\"en-US\",\"@id\":\"https:\\\/\\\/thinkin3d.cat\\\/en\\\/#\\\/schema\\\/logo\\\/image\\\/\",\"url\":\"https:\\\/\\\/thinkin3d.cat\\\/wp-content\\\/uploads\\\/2023\\\/03\\\/cropped-Favicon-Thinkin.png\",\"contentUrl\":\"https:\\\/\\\/thinkin3d.cat\\\/wp-content\\\/uploads\\\/2023\\\/03\\\/cropped-Favicon-Thinkin.png\",\"width\":512,\"height\":512,\"caption\":\"ThinkIn3D\"},\"image\":{\"@id\":\"https:\\\/\\\/thinkin3d.cat\\\/en\\\/#\\\/schema\\\/logo\\\/image\\\/\"}},{\"@type\":\"Person\",\"@id\":\"https:\\\/\\\/thinkin3d.cat\\\/en\\\/#\\\/schema\\\/person\\\/59818264e83609e4eaaa8016b8183cc6\",\"name\":\"FerranMartim\",\"image\":{\"@type\":\"ImageObject\",\"inLanguage\":\"en-US\",\"@id\":\"https:\\\/\\\/secure.gravatar.com\\\/avatar\\\/b7a89493ec17b90934aa8b9ac203d1b6b422c0e7603bd90fdcd036cb9c587d21?s=96&d=mm&r=g\",\"url\":\"https:\\\/\\\/secure.gravatar.com\\\/avatar\\\/b7a89493ec17b90934aa8b9ac203d1b6b422c0e7603bd90fdcd036cb9c587d21?s=96&d=mm&r=g\",\"contentUrl\":\"https:\\\/\\\/secure.gravatar.com\\\/avatar\\\/b7a89493ec17b90934aa8b9ac203d1b6b422c0e7603bd90fdcd036cb9c587d21?s=96&d=mm&r=g\",\"caption\":\"FerranMartim\"},\"url\":\"https:\\\/\\\/thinkin3d.cat\\\/en\\\/author\\\/ferranmartim\\\/\"}]}<\/script>\n<!-- \/ Yoast SEO plugin. -->","yoast_head_json":{"title":"Innovate with 3D printing: the ThinkIn 3D Matar\u00f3 accelerator | Thinkin3D","description":"Discover how to innovate with 3D printing through ThinkIn 3D Matar\u00f3, the accelerator that promotes SMEs and microSMEs.","robots":{"index":"index","follow":"follow","max-snippet":"max-snippet:-1","max-image-preview":"max-image-preview:large","max-video-preview":"max-video-preview:-1"},"canonical":"https:\/\/thinkin3d.cat\/en\/innovating-with-3d-printing\/","og_locale":"en_US","og_type":"article","og_title":"Innovate with 3D printing: the ThinkIn 3D Matar\u00f3 accelerator | Thinkin3D","og_description":"Discover how to innovate with 3D printing through ThinkIn 3D Matar\u00f3, the accelerator that promotes SMEs and microSMEs.","og_url":"https:\/\/thinkin3d.cat\/en\/innovating-with-3d-printing\/","og_site_name":"Thinkin3D","article_published_time":"2023-02-20T12:36:00+00:00","article_modified_time":"2026-04-27T07:54:28+00:00","og_image":[{"width":1763,"height":1700,"url":"https:\/\/thinkin3d.cat\/wp-content\/uploads\/2023\/02\/iStock-1145957320.jpg","type":"image\/jpeg"}],"author":"FerranMartim","twitter_card":"summary_large_image","twitter_misc":{"Written by":"FerranMartim","Est. reading time":"3 minutes"},"schema":{"@context":"https:\/\/schema.org","@graph":[{"@type":"Article","@id":"https:\/\/thinkin3d.cat\/en\/innovating-with-3d-printing\/#article","isPartOf":{"@id":"https:\/\/thinkin3d.cat\/en\/innovating-with-3d-printing\/"},"author":{"name":"FerranMartim","@id":"https:\/\/thinkin3d.cat\/en\/#\/schema\/person\/59818264e83609e4eaaa8016b8183cc6"},"headline":"Are you a company and want to innovate with 3D printing?","datePublished":"2023-02-20T12:36:00+00:00","dateModified":"2026-04-27T07:54:28+00:00","mainEntityOfPage":{"@id":"https:\/\/thinkin3d.cat\/en\/innovating-with-3d-printing\/"},"wordCount":582,"publisher":{"@id":"https:\/\/thinkin3d.cat\/en\/#organization"},"image":{"@id":"https:\/\/thinkin3d.cat\/en\/innovating-with-3d-printing\/#primaryimage"},"thumbnailUrl":"https:\/\/thinkin3d.cat\/wp-content\/uploads\/2023\/02\/iStock-1145957320.jpg","articleSection":["ThinkIn3D"],"inLanguage":"en-US"},{"@type":"WebPage","@id":"https:\/\/thinkin3d.cat\/en\/innovating-with-3d-printing\/","url":"https:\/\/thinkin3d.cat\/en\/innovating-with-3d-printing\/","name":"Innovate with 3D printing: the ThinkIn 3D Matar\u00f3 accelerator | Thinkin3D","isPartOf":{"@id":"https:\/\/thinkin3d.cat\/en\/#website"},"primaryImageOfPage":{"@id":"https:\/\/thinkin3d.cat\/en\/innovating-with-3d-printing\/#primaryimage"},"image":{"@id":"https:\/\/thinkin3d.cat\/en\/innovating-with-3d-printing\/#primaryimage"},"thumbnailUrl":"https:\/\/thinkin3d.cat\/wp-content\/uploads\/2023\/02\/iStock-1145957320.jpg","datePublished":"2023-02-20T12:36:00+00:00","dateModified":"2026-04-27T07:54:28+00:00","description":"Discover how to innovate with 3D printing through ThinkIn 3D Matar\u00f3, the accelerator that promotes SMEs and microSMEs.","breadcrumb":{"@id":"https:\/\/thinkin3d.cat\/en\/innovating-with-3d-printing\/#breadcrumb"},"inLanguage":"en-US","potentialAction":[{"@type":"ReadAction","target":["https:\/\/thinkin3d.cat\/en\/innovating-with-3d-printing\/"]}]},{"@type":"ImageObject","inLanguage":"en-US","@id":"https:\/\/thinkin3d.cat\/en\/innovating-with-3d-printing\/#primaryimage","url":"https:\/\/thinkin3d.cat\/wp-content\/uploads\/2023\/02\/iStock-1145957320.jpg","contentUrl":"https:\/\/thinkin3d.cat\/wp-content\/uploads\/2023\/02\/iStock-1145957320.jpg","width":1763,"height":1700,"caption":"La impressi\u00f3 3D aporta beneficis a les empreses"},{"@type":"BreadcrumbList","@id":"https:\/\/thinkin3d.cat\/en\/innovating-with-3d-printing\/#breadcrumb","itemListElement":[{"@type":"ListItem","position":1,"name":"Home","item":"https:\/\/thinkin3d.cat\/en\/"},{"@type":"ListItem","position":2,"name":"Are you a company and want to innovate with 3D printing?"}]},{"@type":"WebSite","@id":"https:\/\/thinkin3d.cat\/en\/#website","url":"https:\/\/thinkin3d.cat\/en\/","name":"ThinkIn3D","description":"Benvinguts\/des al web de ThinkIn 3D, l&#039;acceleradora de fabricaci\u00f3 additiva del TecnoCampus, un projecte impulsat per l&#039;Ajuntament de Matar\u00f3 amb col\u00b7laboraci\u00f3 de la Uni\u00f3 Europea i la Fundaci\u00f3 INCYDE, membre de IAT.","publisher":{"@id":"https:\/\/thinkin3d.cat\/en\/#organization"},"potentialAction":[{"@type":"SearchAction","target":{"@type":"EntryPoint","urlTemplate":"https:\/\/thinkin3d.cat\/en\/?s={search_term_string}"},"query-input":{"@type":"PropertyValueSpecification","valueRequired":true,"valueName":"search_term_string"}}],"inLanguage":"en-US"},{"@type":"Organization","@id":"https:\/\/thinkin3d.cat\/en\/#organization","name":"ThinkIn3D","url":"https:\/\/thinkin3d.cat\/en\/","logo":{"@type":"ImageObject","inLanguage":"en-US","@id":"https:\/\/thinkin3d.cat\/en\/#\/schema\/logo\/image\/","url":"https:\/\/thinkin3d.cat\/wp-content\/uploads\/2023\/03\/cropped-Favicon-Thinkin.png","contentUrl":"https:\/\/thinkin3d.cat\/wp-content\/uploads\/2023\/03\/cropped-Favicon-Thinkin.png","width":512,"height":512,"caption":"ThinkIn3D"},"image":{"@id":"https:\/\/thinkin3d.cat\/en\/#\/schema\/logo\/image\/"}},{"@type":"Person","@id":"https:\/\/thinkin3d.cat\/en\/#\/schema\/person\/59818264e83609e4eaaa8016b8183cc6","name":"FerranMartim","image":{"@type":"ImageObject","inLanguage":"en-US","@id":"https:\/\/secure.gravatar.com\/avatar\/b7a89493ec17b90934aa8b9ac203d1b6b422c0e7603bd90fdcd036cb9c587d21?s=96&d=mm&r=g","url":"https:\/\/secure.gravatar.com\/avatar\/b7a89493ec17b90934aa8b9ac203d1b6b422c0e7603bd90fdcd036cb9c587d21?s=96&d=mm&r=g","contentUrl":"https:\/\/secure.gravatar.com\/avatar\/b7a89493ec17b90934aa8b9ac203d1b6b422c0e7603bd90fdcd036cb9c587d21?s=96&d=mm&r=g","caption":"FerranMartim"},"url":"https:\/\/thinkin3d.cat\/en\/author\/ferranmartim\/"}]}},"_links":{"self":[{"href":"https:\/\/thinkin3d.cat\/en\/wp-json\/wp\/v2\/posts\/20112","targetHints":{"allow":["GET"]}}],"collection":[{"href":"https:\/\/thinkin3d.cat\/en\/wp-json\/wp\/v2\/posts"}],"about":[{"href":"https:\/\/thinkin3d.cat\/en\/wp-json\/wp\/v2\/types\/post"}],"author":[{"embeddable":true,"href":"https:\/\/thinkin3d.cat\/en\/wp-json\/wp\/v2\/users\/10"}],"replies":[{"embeddable":true,"href":"https:\/\/thinkin3d.cat\/en\/wp-json\/wp\/v2\/comments?post=20112"}],"version-history":[{"count":1,"href":"https:\/\/thinkin3d.cat\/en\/wp-json\/wp\/v2\/posts\/20112\/revisions"}],"predecessor-version":[{"id":20114,"href":"https:\/\/thinkin3d.cat\/en\/wp-json\/wp\/v2\/posts\/20112\/revisions\/20114"}],"wp:featuredmedia":[{"embeddable":true,"href":"https:\/\/thinkin3d.cat\/en\/wp-json\/wp\/v2\/media\/4878"}],"wp:attachment":[{"href":"https:\/\/thinkin3d.cat\/en\/wp-json\/wp\/v2\/media?parent=20112"}],"wp:term":[{"taxonomy":"category","embeddable":true,"href":"https:\/\/thinkin3d.cat\/en\/wp-json\/wp\/v2\/categories?post=20112"},{"taxonomy":"post_tag","embeddable":true,"href":"https:\/\/thinkin3d.cat\/en\/wp-json\/wp\/v2\/tags?post=20112"}],"curies":[{"name":"wp","href":"https:\/\/api.w.org\/{rel}","templated":true}]}}